{"id":183,"__str__":"Requerimento n\u00ba 1 de 2017","link_detail_backend":"/materia/183","metadata":{},"numero":1,"ano":2017,"numero_protocolo":null,"data_apresentacao":"2017-02-03","tipo_apresentacao":"","data_publicacao":null,"numero_origem_externa":"","ano_origem_externa":null,"data_origem_externa":null,"apelido":"","dias_prazo":null,"data_fim_prazo":null,"em_tramitacao":false,"polemica":null,"objeto":"","complementar":null,"ementa":"REQUER INFORMA\u00c7\u00d5ES DA SECRETARIA RESPONS\u00c1VEL PELA DEFINI\u00c7\u00c3O DOS SERVI\u00c7OS DE PINTURA DOS MEIOS FIOS, SINALIZA\u00c7\u00c3O DO TR\u00c2NSITO(FAIXA DE PEDESTRES) E COLOCA\u00c7\u00c3O DE REDUTOR DE VELOCIDADE NA AVENIDA BORGES DE MEDEIROS COM A RUA ASSIS BRASIL(EM FRENTE A RODOVI\u00c1RIA) E NEREU RAMOS COM A RIO DE JANEIRO(EMBAIXO DO VIADUTO).","indexacao":"","observacao":"","resultado":"","texto_original":"http://sapl.matelandia.pr.leg.br/media/sapl/public/materialegislativa/2017/183/183_texto_integral.pdf","data_ultima_atualizacao":"2018-09-27T08:06:57.599942-03:00","ip":"","ultima_edicao":null,"tipo":3,"regime_tramitacao":1,"tipo_origem_externa":null,"local_origem_externa":null,"user":null,"anexadas":[],"autores":[8,4]}