{"id":2827,"__str__":"Mo\u00e7\u00e3o n\u00ba 2 de 2022","link_detail_backend":"/materia/2827","metadata":{},"numero":2,"ano":2022,"numero_protocolo":199,"data_apresentacao":"2022-04-18","tipo_apresentacao":"","data_publicacao":null,"numero_origem_externa":"","ano_origem_externa":null,"data_origem_externa":null,"apelido":"","dias_prazo":null,"data_fim_prazo":null,"em_tramitacao":false,"polemica":false,"objeto":"","complementar":false,"ementa":"O Legislativo matelandiense, por seus vereadores, de iniciativa do vereador Paulo Cezar Gomes, externa MO\u00c7\u00c3O DE APLAUSO \u00e0s integrantes do Handebol Feminino do munic\u00edpio: IVANIR DE FATIMA GODOI, LUCI DAL PIAZ DE MOURA E VILMA DE OLIVEIRA que integraram a SELE\u00c7\u00c3O BRASILEIRA MASTER 48+  \r\n                         Com muita garra e compet\u00eancia, caracter\u00edsticas marcantes do handebol matelandiense sagraram-se campe\u00e3s pelo BRASIL, da COPA AM\u00c9RICA DE HANDEBOL MASTER no CHILE, onde atletas acima de 48 anos disputaram a competi\u00e7\u00e3o.\r\n                         Manifestamos aqui nosso reconhecimento pelo desempenho brilhante das atletas que levaram o nome do Munic\u00edpio e do Brasil al\u00e9m das fronteiras. Fruto esse da dedica\u00e7\u00e3o desde a adolesc\u00eancia juntamente com demais atletas que juntas iniciaram essa modalidade que foi carro chefe do nosso esporte, sempre entre as melhores do estado do Paran\u00e1.\r\n                         Desde a d\u00e9cada de 1980 quando iniciaram com os professores Jo\u00e3o Pucci e Leda Reis, nossas meninas nunca deixaram de jogar, como ainda o fazem outras atletas de igual qualidade t\u00e9cnica de nosso munic\u00edpio. A equipe de handebol de Matel\u00e2ndia nunca deixou de acreditar que a cada ano que se passava ainda podiam desempenhar seu papel com brilhantismo, sendo exemplos de cidad\u00e3s e desportistas para nossa comunidade.\r\nLuci, Vilma e Ivanir levaram consigo para o Chile todo esse apoio, carinho e considera\u00e7\u00e3o de suas colegas de quadra.\r\n                         N\u00e3o poderia esta Casa Legislativa de representa\u00e7\u00e3o popular deixar de homenage\u00e1-las, com muita honra.","indexacao":"","observacao":"","resultado":"","texto_original":"http://sapl.matelandia.pr.leg.br/media/sapl/public/materialegislativa/2022/2827/mocao_02.pdf","data_ultima_atualizacao":"2022-04-18T19:30:57.952940-03:00","ip":"131.196.88.193","ultima_edicao":"2022-04-18T12:16:30.728837-03:00","tipo":7,"regime_tramitacao":1,"tipo_origem_externa":null,"local_origem_externa":null,"user":28,"anexadas":[],"autores":[26]}