{"id":3293,"__str__":"Requerimento n\u00ba 1 de 2023","link_detail_backend":"/materia/3293","metadata":{},"numero":1,"ano":2023,"numero_protocolo":63,"data_apresentacao":"2023-02-06","tipo_apresentacao":"","data_publicacao":null,"numero_origem_externa":"","ano_origem_externa":null,"data_origem_externa":null,"apelido":"","dias_prazo":null,"data_fim_prazo":null,"em_tramitacao":false,"polemica":false,"objeto":"","complementar":false,"ementa":"- REQUER DO EXECUTIVO, EM CAR\u00c1TER EMERGENCIAL, QUE  SOLICITE A O DER -  DEPARTAMENTO DE ESTRADAS E RODAGENS E AO DNIT - DEPARTAMENTO NACIONAL DE INFRAESTRUTURA E TRANSPORTES, PARA  QUE PRESTEM  MANUTEN\u00c7\u00c3O NA RODOVIA FEDERAL BR 277 E SUAS MARGINAIS EM TODO O PER\u00cdMETRO DO MUNIC\u00cdPIO DE MATEL\u00c2NDIA E ARREDORES,  BEM COMO FISCALIZAR OS  RADARES ELETR\u00d4NICOS, REDUTORES DE VELOCIDADE INCLUSIVE AQUELES INSTALADOS  NO TRECHO DO DISTRITO DE AGRO CAFEEIRA QUE ENCONTRAM-SE  DANIFICADOS E SEM FUNCIONALIDADE. \r\n\r\nJUSTIFICATIVA: CONSIDERANDO OS ACIDENTES AUTOMOBIL\u00cdSTICOS E ATROPELAMENTOS OCORRIDO NA BR 277,  INCLUSIVE OCASIONANDO A MORTE DE CRIAN\u00c7AS, JOVENS, ADULTOS E IDOSOS.","indexacao":"","observacao":"","resultado":"","texto_original":"http://sapl.matelandia.pr.leg.br/media/sapl/public/materialegislativa/2023/3293/requerimento_no_1-2023.pdf","data_ultima_atualizacao":"2023-02-27T08:28:29.281169-03:00","ip":"191.5.55.135","ultima_edicao":"2023-02-06T13:12:05.029173-03:00","tipo":3,"regime_tramitacao":1,"tipo_origem_externa":null,"local_origem_externa":null,"user":28,"anexadas":[],"autores":[28]}