{"id":3409,"__str__":"Indica\u00e7\u00e3o n\u00ba 82 de 2023","link_detail_backend":"/materia/3409","metadata":{},"numero":82,"ano":2023,"numero_protocolo":196,"data_apresentacao":"2023-03-24","tipo_apresentacao":"","data_publicacao":null,"numero_origem_externa":"","ano_origem_externa":null,"data_origem_externa":null,"apelido":"","dias_prazo":null,"data_fim_prazo":null,"em_tramitacao":true,"polemica":false,"objeto":"","complementar":false,"ementa":"INDICA AO EXECUTIVO MUNICIPAL MELHORIAS NAS CAL\u00c7ADAS E PRIORIZAR O TRANSPORTE SUSTENT\u00c1VEL CRIANDO ESPA\u00c7OS DE CAMINHADA PARA A POPULA\u00c7\u00c3O. \r\n\r\nJustificativa: O transporte ativo, a p\u00e9 e por bicicleta, \u00e9 cada vez mais importante e precisamos adaptar o desenho urbano para isso. Sugiro  cal\u00e7adas mais seguras e com acessibilidade aos deficientes.","indexacao":"","observacao":"","resultado":"","texto_original":"http://sapl.matelandia.pr.leg.br/media/sapl/public/materialegislativa/2023/3409/indicacao_82.pdf","data_ultima_atualizacao":"2023-03-24T11:20:24.004631-03:00","ip":"191.5.55.110","ultima_edicao":"2023-03-24T11:20:23.870020-03:00","tipo":8,"regime_tramitacao":1,"tipo_origem_externa":null,"local_origem_externa":null,"user":28,"anexadas":[],"autores":[28]}