{"id":3533,"__str__":"Indica\u00e7\u00e3o n\u00ba 145 de 2023","link_detail_backend":"/materia/3533","metadata":{},"numero":145,"ano":2023,"numero_protocolo":356,"data_apresentacao":"2023-06-02","tipo_apresentacao":"","data_publicacao":null,"numero_origem_externa":"","ano_origem_externa":null,"data_origem_externa":null,"apelido":"","dias_prazo":null,"data_fim_prazo":null,"em_tramitacao":true,"polemica":false,"objeto":"","complementar":false,"ementa":"INDICA AO EXECUTIVO MUNICIPAL QUE ESTUDE A VIABILIDADE DE IMPLANTA\u00c7\u00c3O DO PROJETO \u201cGELADEIRA LITER\u00c1RIA\u201d, ATRAV\u00c9S DA SECRETARIA DE EDUCA\u00c7\u00c3O E CULTURA, DE MATEL\u00c2NDIA.\r\n\r\nJustificativa: Este projeto-piloto visa o incentivo \u00e0 leitura a todos os cidad\u00e3os de forma pr\u00e1tica e acess\u00edvel.\r\nComo sugest\u00e3o, a instala\u00e7\u00e3o da primeira geladeira liter\u00e1ria na pra\u00e7a da Cultura, expandindo gradativamente em outros locais p\u00fablicos, (distritos, comunidades) .\r\nO munic\u00edpio n\u00e3o ter\u00e1 custos pois a geladeira vem atrav\u00e9s de doa\u00e7\u00e3o ou bem p\u00fablico sem uso e os livros ser\u00e3o doados pela pr\u00f3pria sociedade. \r\nEsse projeto j\u00e1 existe em outras cidades com grande aceita\u00e7\u00e3o por isso entendemos que para Matel\u00e2ndia ser\u00e1 \u00f3timo!\r\nSegue em anexo fotos para aprecia\u00e7\u00e3o.","indexacao":"","observacao":"","resultado":"","texto_original":"http://sapl.matelandia.pr.leg.br/media/sapl/public/materialegislativa/2023/3533/indicacao_145.pdf","data_ultima_atualizacao":"2023-06-02T13:08:08.476158-03:00","ip":"191.5.55.106","ultima_edicao":"2023-06-02T13:08:08.258091-03:00","tipo":8,"regime_tramitacao":1,"tipo_origem_externa":null,"local_origem_externa":null,"user":28,"anexadas":[],"autores":[24,32,26,35]}