{"id":3599,"__str__":"Projeto de Lei Ordin\u00e1ria n\u00ba 141 de 2023","link_detail_backend":"/materia/3599","metadata":{"signs":{"texto_original":{"admin":[],"autores":[["Maximino Pietrobon",["2023-09-01T11:57:35-03:00","ICP-Brasil"]]]}}},"numero":141,"ano":2023,"numero_protocolo":436,"data_apresentacao":"2023-07-07","tipo_apresentacao":"","data_publicacao":null,"numero_origem_externa":"","ano_origem_externa":null,"data_origem_externa":null,"apelido":"","dias_prazo":null,"data_fim_prazo":null,"em_tramitacao":false,"polemica":false,"objeto":"","complementar":false,"ementa":"DISP\u00d5E SOBRE A CRIA\u00c7\u00c3O DA FUN\u00c7\u00c3O GRATIFICADA DE ENCARREGADO GERAL DE PROTE\u00c7\u00c3O DE DADOS NO \u00c2MBITO DA ADMINISTRA\u00c7\u00c3O P\u00daBLICA MUNICIPAL DIRETA.","indexacao":"","observacao":"juntada sustitutivo ao projeto","resultado":"","texto_original":"http://sapl.matelandia.pr.leg.br/media/sapl/public/materialegislativa/2023/3599/substitutivo_ao_projeto_de_lei_141-2023_-_funcao_gratificada_do_encarregado_geral_de_protecao_de_dados_1.pdf","data_ultima_atualizacao":"2023-09-18T11:07:00.389296-03:00","ip":"191.5.55.106","ultima_edicao":"2023-09-01T12:40:47.243966-03:00","tipo":1,"regime_tramitacao":1,"tipo_origem_externa":null,"local_origem_externa":null,"user":28,"anexadas":[],"autores":[18]}