{"id":3669,"__str__":"Requerimento n\u00ba 28 de 2023","link_detail_backend":"/materia/3669","metadata":{"signs":{"texto_original":{"admin":[],"autores":[["Andrea Sandi Zanesco",["2023-08-31T10:45:31-03:00","ICP-Brasil"]]]}}},"numero":28,"ano":2023,"numero_protocolo":531,"data_apresentacao":"2023-08-31","tipo_apresentacao":"","data_publicacao":null,"numero_origem_externa":"","ano_origem_externa":null,"data_origem_externa":null,"apelido":"","dias_prazo":null,"data_fim_prazo":null,"em_tramitacao":false,"polemica":false,"objeto":"","complementar":false,"ementa":"- REQUER DO EXECUTIVO INFORMA\u00c7\u00d5ES SOBRE O FUNCIONAMENTO DA NOVA CRECHE DE AGRO CAFEEIRA:\r\n- QUANDO IR\u00c1 COME\u00c7AR O ATENDIMENTO, E QUAL O PER\u00cdODO DE FUNCIONAMENTO?","indexacao":"","observacao":"","resultado":"","texto_original":"http://sapl.matelandia.pr.leg.br/media/sapl/public/materialegislativa/2023/3669/requerimento_28.pdf","data_ultima_atualizacao":"2023-09-22T12:58:58.138618-03:00","ip":"191.5.55.106","ultima_edicao":"2023-08-31T10:47:34.434014-03:00","tipo":3,"regime_tramitacao":1,"tipo_origem_externa":null,"local_origem_externa":null,"user":28,"anexadas":[],"autores":[34]}