{"id":3831,"__str__":"Indica\u00e7\u00e3o n\u00ba 301 de 2023","link_detail_backend":"/materia/3831","metadata":{"signs":{"texto_original":{"admin":[],"autores":[["Andrea Sandi Zanesco",["2023-11-24T10:02:00-03:00","ICP-Brasil"]]]}}},"numero":301,"ano":2023,"numero_protocolo":744,"data_apresentacao":"2023-11-24","tipo_apresentacao":"","data_publicacao":null,"numero_origem_externa":"","ano_origem_externa":null,"data_origem_externa":null,"apelido":"","dias_prazo":null,"data_fim_prazo":null,"em_tramitacao":true,"polemica":false,"objeto":"","complementar":false,"ementa":"INDICA AO EXECUTIVO MUNICIPAL JUNTO A SECRETARIA DO MEIO AMBIENTE FA\u00c7A O CORTE DE GRAMA NA ESCOLA VOV\u00d4 CASSIANO, NA CRECHE PRIMEIRO PA\u00c7OS , E CENTRO DE GERA\u00c7\u00c3O E RENDA","indexacao":"","observacao":"","resultado":"","texto_original":"http://sapl.matelandia.pr.leg.br/media/sapl/public/materialegislativa/2023/3831/indicacao_301.pdf","data_ultima_atualizacao":"2023-11-24T10:04:43.043574-03:00","ip":"191.5.55.106","ultima_edicao":"2023-11-24T10:01:43.566982-03:00","tipo":8,"regime_tramitacao":1,"tipo_origem_externa":null,"local_origem_externa":null,"user":28,"anexadas":[],"autores":[33]}