{"id":3989,"__str__":"Indica\u00e7\u00e3o n\u00ba 68 de 2024","link_detail_backend":"/materia/3989","metadata":{"signs":{"texto_original":{"admin":[],"autores":[["Andrea Sandi Zanesco",["2024-03-08T09:29:00-03:00","ICP-Brasil"]]]}}},"numero":68,"ano":2024,"numero_protocolo":157,"data_apresentacao":"2024-03-08","tipo_apresentacao":"","data_publicacao":null,"numero_origem_externa":"","ano_origem_externa":null,"data_origem_externa":null,"apelido":"","dias_prazo":null,"data_fim_prazo":null,"em_tramitacao":true,"polemica":false,"objeto":"","complementar":false,"ementa":"INDICA AO EXECUTIVO MUNICIPAL QUE SEJA VISTO A POSSIBILIDADE DE IMPLANTAR UMA EXTENS\u00c3O DA CASA DA CULTURA, NA COMUNIDADE DA VILA ESMERALDA, PARA ATENDER A DEMANDA DE CRIAN\u00c7AS E ADOLESCENTES DE TODA AQUELA REGI\u00c3O E ARREDORES.","indexacao":"","observacao":"","resultado":"","texto_original":"http://sapl.matelandia.pr.leg.br/media/sapl/public/materialegislativa/2024/3989/indicacao_68.pdf","data_ultima_atualizacao":"2024-03-08T09:42:28.476505-03:00","ip":"191.5.51.112","ultima_edicao":"2024-03-08T09:42:28.301883-03:00","tipo":8,"regime_tramitacao":1,"tipo_origem_externa":null,"local_origem_externa":null,"user":28,"anexadas":[],"autores":[34]}