{"id":3997,"__str__":"Indica\u00e7\u00e3o n\u00ba 75 de 2024","link_detail_backend":"/materia/3997","metadata":{"signs":{"texto_original":{"admin":[],"autores":[["Andrea Sandi Zanesco",["2024-03-14T09:39:49-03:00","ICP-Brasil"]]]}}},"numero":75,"ano":2024,"numero_protocolo":168,"data_apresentacao":"2024-03-14","tipo_apresentacao":"","data_publicacao":null,"numero_origem_externa":"","ano_origem_externa":null,"data_origem_externa":null,"apelido":"","dias_prazo":null,"data_fim_prazo":null,"em_tramitacao":true,"polemica":false,"objeto":"","complementar":false,"ementa":"INDICA AO EXECUTIVO MUNICIPAL QUE REALIZE PROJETO DE MELHORIAS NA ILUMINA\u00c7\u00c3O P\u00daBLICA NA AVENIDA JK COM A VALDEMAR JUSTEN AT\u00c9 O FINAL DA \u00c1REA INDUSTRIAL.\r\n\r\nJustificativa: de modo que melhore a ilumina\u00e7\u00e3o para os pedestres pois a noite tem trechos muito escuro e ali trajeto de trabalhadores que circulam a p\u00e9 e de bicicletas.","indexacao":"","observacao":"","resultado":"","texto_original":"http://sapl.matelandia.pr.leg.br/media/sapl/public/materialegislativa/2024/3997/indicacao_75.pdf","data_ultima_atualizacao":"2024-03-14T09:53:47.327288-03:00","ip":"191.5.51.112","ultima_edicao":"2024-03-14T09:53:47.107360-03:00","tipo":8,"regime_tramitacao":1,"tipo_origem_externa":null,"local_origem_externa":null,"user":28,"anexadas":[],"autores":[28]}