{"id":4115,"__str__":"Indica\u00e7\u00e3o n\u00ba 122 de 2024","link_detail_backend":"/materia/4115","metadata":{"signs":{"texto_original":{"admin":[],"autores":[["Andrea Sandi Zanesco",["2024-05-03T10:15:17-03:00","ICP-Brasil"]]]}}},"numero":122,"ano":2024,"numero_protocolo":332,"data_apresentacao":"2024-05-06","tipo_apresentacao":"","data_publicacao":null,"numero_origem_externa":"","ano_origem_externa":null,"data_origem_externa":null,"apelido":"","dias_prazo":null,"data_fim_prazo":null,"em_tramitacao":true,"polemica":false,"objeto":"","complementar":false,"ementa":"INDICA AO EXECUTIVO MUNICIPAL COLOCA\u00c7\u00c3O DE ILUMINA\u00c7\u00c3O EXTERNA DA EXTENS\u00c3O DA CASA DA CULTURA EM AGROCAFEEIRA.\r\n\r\nJustificativa: o local \u00e9 muito escuro e traz inseguran\u00e7a para os alunos de bal\u00e9, e capoeira no per\u00edodo da noite.","indexacao":"","observacao":"","resultado":"","texto_original":"http://sapl.matelandia.pr.leg.br/media/sapl/public/materialegislativa/2024/4115/indicacao_122.pdf","data_ultima_atualizacao":"2024-05-06T09:36:21.952257-03:00","ip":"191.5.53.205","ultima_edicao":"2024-05-06T09:36:21.783805-03:00","tipo":8,"regime_tramitacao":1,"tipo_origem_externa":null,"local_origem_externa":null,"user":28,"anexadas":[],"autores":[29]}