{"id":5006,"__str__":"Mo\u00e7\u00e3o n\u00ba 4 de 2025","link_detail_backend":"/materia/5006","metadata":{"signs":{"texto_original":{"admin":[],"autores":[["Stela Gaboardi",["2025-11-07T13:25:17-03:00","ICP-Brasil"]]]}}},"numero":4,"ano":2025,"numero_protocolo":671,"data_apresentacao":"2025-11-07","tipo_apresentacao":"","data_publicacao":null,"numero_origem_externa":"","ano_origem_externa":null,"data_origem_externa":null,"apelido":"","dias_prazo":null,"data_fim_prazo":null,"em_tramitacao":false,"polemica":false,"objeto":"","complementar":false,"ementa":"O Poder Legislativo de Matel\u00e2ndia, com iniciativa de todos os vereadores que comp\u00f5em a 16\u00aa legislatura externam MO\u00c7\u00c3O DE APLAUSO ao Centro de Tradi\u00e7\u00f5es Ga\u00fachas Quer\u00eancia Nova de Matel\u00e2ndia \u2013 pelos 50 anos de exist\u00eancia. \r\nA C\u00e2mara Municipal de Matel\u00e2ndia, por meio desta Mo\u00e7\u00e3o de Aplausos, vem enaltecer e parabenizar o Centro de Tradi\u00e7\u00f5es Ga\u00fachas Quer\u00eancia Nova, que neste ano celebra 50 anos de hist\u00f3ria, cultura e tradi\u00e7\u00e3o. \r\nFundado com o prop\u00f3sito de manter vivas as ra\u00edzes do tradicionalismo ga\u00facho, o CTG Quer\u00eancia Nova tornou-se um verdadeiro s\u00edmbolo de preserva\u00e7\u00e3o cultural em nosso munic\u00edpio, promovendo ao longo dessas cinco d\u00e9cadas incont\u00e1veis eventos, cavalgadas, dan\u00e7as, apresenta\u00e7\u00f5es art\u00edsticas e atividades que fortalecem a identidade e o orgulho de nossa gente. \r\nEsta homenagem se estende a todos os patr\u00f5es e patronagens que, com dedica\u00e7\u00e3o, amor e voluntariado, conduziram o CTG ao longo dos anos, deixando cada um a sua marca nesta linda trajet\u00f3ria de sucesso. Foram homens e mulhere","indexacao":"","observacao":"","resultado":"","texto_original":"http://sapl.matelandia.pr.leg.br/media/sapl/public/materialegislativa/2025/5006/mocao_no_04_de_aplauso.pdf","data_ultima_atualizacao":"2025-12-15T19:26:32.397023-03:00","ip":"177.12.252.105","ultima_edicao":"2025-11-07T13:25:59.045760-03:00","tipo":7,"regime_tramitacao":1,"tipo_origem_externa":null,"local_origem_externa":null,"user":28,"anexadas":[],"autores":[30,42,47,27]}