{"id":5093,"__str__":"Indica\u00e7\u00e3o n\u00ba 7 de 2026","link_detail_backend":"/materia/5093","metadata":{"signs":{"texto_original":{"admin":[],"autores":[["Stela Gaboardi",["2026-01-28T10:44:08-03:00","ICP-Brasil"]]]}}},"numero":7,"ano":2026,"numero_protocolo":19,"data_apresentacao":"2026-01-28","tipo_apresentacao":"","data_publicacao":null,"numero_origem_externa":"","ano_origem_externa":null,"data_origem_externa":null,"apelido":"","dias_prazo":null,"data_fim_prazo":null,"em_tramitacao":true,"polemica":false,"objeto":"","complementar":false,"ementa":"INDICA AO EXECUTIVO MUNICIPAL QUE FA\u00c7A INSTALA\u00c7\u00c3O DE C\u00c2MERAS NAS DEPEND\u00caNCIAS DO PROFAN, EM TODAS AS SALAS E ONDE FOR NECESS\u00c1RIO PARA QUE HAJA VISIBILIDADE TANTO DOS ALUNOS QUANTO DOS PROFISSIONAIS DA INSTITUI\u00c7\u00c3O. \r\n\r\nJustificativa: A instala\u00e7\u00e3o de c\u00e2meras nas salas e depend\u00eancias do PROFAN \u00e9 uma medida importante para refor\u00e7ar a seguran\u00e7a, a transpar\u00eancia e a prote\u00e7\u00f5 integral das crian\u00e7as. As c\u00e2meras funcionam como instrumento de prote\u00e7\u00e3o tanto para os alunos quanto aos profissionais da educa\u00e7\u00e3o, evitando interpreta\u00e7\u00f5es equivocadas. Al\u00e9m do que gera confian\u00e7a das fam\u00edlias na institui\u00e7\u00e3o.","indexacao":"","observacao":"","resultado":"","texto_original":"http://sapl.matelandia.pr.leg.br/media/sapl/public/materialegislativa/2026/5093/indicacao_7.pdf","data_ultima_atualizacao":"2026-01-28T10:44:50.176094-03:00","ip":"177.12.252.105","ultima_edicao":"2026-01-28T10:44:49.974420-03:00","tipo":8,"regime_tramitacao":1,"tipo_origem_externa":null,"local_origem_externa":null,"user":28,"anexadas":[],"autores":[30,35]}