{"id":5157,"__str__":"Mo\u00e7\u00e3o n\u00ba 3 de 2026","link_detail_backend":"/materia/5157","metadata":{"signs":{"texto_original":{"admin":[],"autores":[["Stela Gaboardi",["2026-03-13T14:09:14-03:00","ICP-Brasil"]]]}}},"numero":3,"ano":2026,"numero_protocolo":92,"data_apresentacao":"2026-03-13","tipo_apresentacao":"","data_publicacao":null,"numero_origem_externa":"","ano_origem_externa":null,"data_origem_externa":null,"apelido":"","dias_prazo":null,"data_fim_prazo":null,"em_tramitacao":false,"polemica":false,"objeto":"","complementar":false,"ementa":"A C\u00e2mara Municipal de Matel\u00e2ndia, por seus vereadores, externa MO\u00c7\u00c3O DE PESAR, em raz\u00e3o do falecimento da(o) Sra.(o)  In\u00eas Bacin Debona.\r\nDeixamos os nossos mais sinceros sentimentos, que neste momento foi chamado a Deus pela eternidade.","indexacao":"","observacao":"","resultado":"","texto_original":"http://sapl.matelandia.pr.leg.br/media/sapl/public/materialegislativa/2026/5157/mocao_03.pdf","data_ultima_atualizacao":"2026-04-06T11:47:40.219845-03:00","ip":"177.12.252.105","ultima_edicao":"2026-03-13T14:09:58.511597-03:00","tipo":7,"regime_tramitacao":1,"tipo_origem_externa":null,"local_origem_externa":null,"user":28,"anexadas":[],"autores":[34,43,40,30,41,42,20,19,33,35,27]}