{"id":789,"__str__":"Requerimento n\u00ba 2 de 2018","link_detail_backend":"/materia/789","metadata":{},"numero":2,"ano":2018,"numero_protocolo":null,"data_apresentacao":"2018-02-28","tipo_apresentacao":"","data_publicacao":null,"numero_origem_externa":"","ano_origem_externa":null,"data_origem_externa":null,"apelido":"","dias_prazo":null,"data_fim_prazo":null,"em_tramitacao":false,"polemica":null,"objeto":"","complementar":null,"ementa":"- VALOR TOTAL EXISTENTE NESTA DATA NO FUNDO, QUAL O TOTAL DA RECEITA MENSAL DO FUNDO, QUAL A PARTE DO EMPREGADO E PARTE DO EMPREGADOR; QUAL O TOTAL DA FOLHA MENSAL DOS APOSENTADOS, PENSIONISTAS E OUTROS; SE A RECEITA ARRECADADA SOBRE A FOLHA EST\u00c1 SENDO DEPOSITADA MENSALMENTE NO FUNDO. SE EXISTE VALORES PENDENTES A DEPOSITAR. QUAIS AS INSTITUI\u00c7\u00d5ES FINANCEIRAS QUE ADMINISTRAM O FUNDO E A PRA\u00c7A(CIDADE); EM QUE FUNDOS(TIPOS DE APLICA\u00c7\u00c3O) EST\u00c3O SENDO APLICADOS OS RECURSOS; SE O VALOR ARRECADADO MENSALMENTE COBRE A FOLHA PAGA OS APOSENTADOS; SE EXISTE UMA DIRETORIA QUE ACOMPANHA E FISCALIZA O FUNDO PREVID\u00caNCI\u00c1RIO. E CASO POSITIVO QUEM S\u00c3O OS MEMBROS, COMO S\u00c3O DESIGNADOS E POR QUEM? OBEDECENDO AOS MEIOS LEGAIS, QUE SE FA\u00c7A MENSALMENTE A PUBLICA\u00c7\u00c3O COM ACESSO A TODOS DA SITUA\u00c7\u00c3O DO FUNDO DE PREVID\u00caNCIA.","indexacao":"","observacao":"","resultado":"","texto_original":"http://sapl.matelandia.pr.leg.br/media/sapl/public/materialegislativa/2018/789/789_texto_integral.pdf","data_ultima_atualizacao":"2018-09-27T08:06:57.826336-03:00","ip":"","ultima_edicao":null,"tipo":3,"regime_tramitacao":1,"tipo_origem_externa":null,"local_origem_externa":null,"user":null,"anexadas":[],"autores":[22,23,8,4]}