{"id":5988,"__str__":"Projeto de Lei Ordin\u00e1ria n\u00ba 172 de 2023 | Proposi\u00e7\u00e3o apresentada em Plen\u00e1rio | 11/09/2023","link_detail_backend":"/materia/tramitacao/5988","metadata":{},"timestamp":"2023-09-11T10:42:55.836241-03:00","data_tramitacao":"2023-09-11","data_encaminhamento":null,"urgente":false,"turno":"","texto":"","data_fim_prazo":null,"ip":"191.5.55.106","ultima_edicao":"2023-09-11T10:42:54.484703-03:00","status":28,"materia":3691,"unidade_tramitacao_local":7,"unidade_tramitacao_destino":2,"user":28}