{"id":369,"__str__":"Ordem do Dia/Expediente: 5 - Requerimento n\u00ba 7 de 2017 em 17\u00aa Ordin\u00e1ria da 1\u00aa Sess\u00e3o Legislativa da 14\u00aa Legislatura","link_detail_backend":"/sessao/ordemdia/369","metadata":{},"data_ordem":"2017-06-13","observacao":"REQUER INFORMA\u00c7\u00d5ES DA SECRETARIA RESPONS\u00c1VEL SOBRE OS MOTIVOS DA FALTA DE DESIGNA\u00c7\u00c3O DE DENTISTA NAS UNIDADES DE SA\u00daDE DE AGROCAFEEIRA E VILA ESMERALDA? - EXPLICA\u00c7\u00d5ES SOBRE A LOCALIZA\u00c7\u00c3O DOS EQUIPAMENTOS PARA INSTALA\u00c7\u00c3O DO CEO. ONDE EST\u00c3O GUARDADOS ATUALMENTE? EST\u00c3O NO MUNIC\u00cdPIO OU FORAM DESIGNADOS PARA OUTRO MUNIC\u00cdPIO? OS EQUIPAMENTOS S\u00c3O DE QUEM, DO ESTADO OU DO MUNIC\u00cdPIO?","numero_ordem":5,"resultado":"","tipo_votacao":1,"votacao_aberta":false,"registro_aberto":null,"sessao_plenaria":54,"materia":385,"tramitacao":null}