{"id":721,"__str__":"Ordem do Dia/Expediente: 2 - Requerimento n\u00ba 2 de 2018 em 3\u00aa Ordin\u00e1ria da 2\u00aa Sess\u00e3o Legislativa da 14\u00aa Legislatura","link_detail_backend":"/sessao/ordemdia/721","metadata":{},"data_ordem":"2018-02-27","observacao":"- VALOR TOTAL EXISTENTE NESTA DATA NO FUNDO, QUAL O TOTAL DA RECEITA MENSAL DO FUNDO, QUAL A PARTE DO EMPREGADO E PARTE DO EMPREGADOR; QUAL O TOTAL DA FOLHA MENSAL DOS APOSENTADOS, PENSIONISTAS E OUTROS; SE A RECEITA ARRECADADA SOBRE A FOLHA EST\u00c1 SENDO DEPOSITADA MENSALMENTE NO FUNDO. SE EXISTE VALORES PENDENTES A DEPOSITAR. QUAIS AS INSTITUI\u00c7\u00d5ES FINANCEIRAS QUE ADMINISTRAM O FUNDO E A PRA\u00c7A(CIDADE); EM QUE FUNDOS(TIPOS DE APLICA\u00c7\u00c3O) EST\u00c3O SENDO APLICADOS OS RECURSOS; SE O VALOR ARRECADADO MENSALMENTE COBRE A FOLHA PAGA OS APOSENTADOS; SE EXISTE UMA DIRETORIA QUE ACOMPANHA E FISCALIZA O FUNDO PREVID\u00caNCI\u00c1RIO. E CASO POSITIVO QUEM S\u00c3O OS MEMBROS, COMO S\u00c3O DESIGNADOS E POR QUEM? OBEDECENDO AOS MEIOS LEGAIS, QUE SE FA\u00c7A MENSALMENTE A PUBLICA\u00c7\u00c3O COM ACESSO A TODOS DA SITUA\u00c7\u00c3O DO FUNDO DE PREVID\u00caNCIA.","numero_ordem":2,"resultado":"","tipo_votacao":1,"votacao_aberta":false,"registro_aberto":null,"sessao_plenaria":100,"materia":789,"tramitacao":null}